{"id":7819,"date":"2026-04-27T10:32:02","date_gmt":"2026-04-27T08:32:02","guid":{"rendered":"https:\/\/www.eu-projekti.info\/eu\/?p=7819"},"modified":"2026-04-28T15:08:12","modified_gmt":"2026-04-28T13:08:12","slug":"strucna-konferencija-izmjene-zakona-o-javnoj-nabavi-i-njihov-utjecaj-na-praksu-2","status":"publish","type":"post","link":"https:\/\/www.eu-projekti.info\/eu\/strucna-konferencija-izmjene-zakona-o-javnoj-nabavi-i-njihov-utjecaj-na-praksu-2\/","title":{"rendered":"Stru\u010dna konferencija: izmjene Zakona o javnoj nabavi i njihov utjecaj na praksu i usavr\u0161avanje iz javne nabave na temu: &#8220;Javna nabava u praksi: zakonske izmjene i digitalni alati&#8221;"},"content":{"rendered":"<p style=\"text-align: justify;\">Razumijete li \u0161to izmjene Zakona o javnoj nabavi konkretno zna\u010de za va\u0161 svakodnevni rad? Niste sigurni kako \u0107e se nove odredbe odraziti na pripremu i provedbu postupaka, \u017ealbene rizike, dokumentaciju o nabavi ili odnos izme\u0111u naru\u010ditelja i ponuditelja? \u017delite na vrijeme prepoznati izazove koje donosi novi zakonodavni okvir i \u010duti kako ih tuma\u010de predstavnici institucija, DKOM-a, naru\u010ditelja, ponuditelja i stru\u010dnjaka iz prakse?<\/p>\n<p style=\"text-align: justify;\"><strong>Odgovore na ova i brojna druga pitanja imat \u0107ete priliku dobiti 14. svibnja 2026. na stru\u010dnoj konferenciji &#8220;Predstavljanje izmjena Zakona o javnoj nabavi&#8221; koju organiziraju AVELANT d.o.o., U\u010dili\u0161te EU PROJEKTI i Udruga gradova Republike Hrvatske u Hotelu International u Zagrebu<\/strong><\/p>\n<p style=\"text-align: justify;\">Konferencija je posve\u0107ena aktualnim izmjenama Zakona o javnoj nabavi, njihovoj svrsi, o\u010dekivanim u\u010dincima i prakti\u010dnoj primjeni u radu naru\u010ditelja, ponuditelja, jedinica lokalne i podru\u010dne samouprave, trgova\u010dkih dru\u0161tava u javnom vlasni\u0161tvu te stru\u010dnjaka koji svakodnevno sudjeluju u pripremi i provedbi postupaka javne nabave.<\/p>\n<p style=\"text-align: justify;\">Poseban naglasak bit \u0107e stavljen na ulogu nadle\u017enih institucija, praksu Dr\u017eavne komisije za kontrolu postupaka javne nabave, polo\u017eaj jedinica lokalne i podru\u010dne samouprave, iskustva trgova\u010dkih dru\u0161tava u javnom vlasni\u0161tvu, perspektivu ponuditelja, ulogu konzultanata te mogu\u0107nosti koje u podru\u010dju javne nabave otvara primjena umjetne inteligencije.<\/p>\n<p data-start=\"1736\" data-end=\"1864\"><strong>Kroz program konferencije obradit \u0107e se klju\u010dne teme povezane s izmjenama Zakona o javnoj nabavi i njihovim utjecajem na praksu:<\/strong><\/p>\n<ul>\n<li style=\"list-style-type: none;\">\n<ul>\n<li data-start=\"1866\" data-end=\"2078\">1. Predstavljanje izmjena Zakona o javnoj nabavi, nove odredbe i njihova svrha<\/li>\n<li data-start=\"2080\" data-end=\"2357\">2. Potencijalni izazovi u implementaciji novih odredbi Zakona o javnoj nabavi<\/li>\n<li data-start=\"2359\" data-end=\"2583\">3. Uloga Dr\u017eavne komisije za kontrolu postupaka javne nabave u primjeni novih zakonskih odredbi<\/li>\n<li data-start=\"2585\" data-end=\"2845\">4. Utjecaj novih zakonskih odredbi na rad jedinica lokalne i podru\u010dne samouprave<\/li>\n<li data-start=\"2847\" data-end=\"3099\">5. Pove\u0107anje efikasnosti javne nabave kroz uporabu umjetne inteligencije<\/li>\n<li data-start=\"3101\" data-end=\"3320\">6. Budu\u0107nost javne nabave u trgova\u010dkim dru\u0161tvima u javnom vlasni\u0161tvu<\/li>\n<li data-start=\"3322\" data-end=\"3539\">7. Javna nabava iz perspektive ponuditelja<\/li>\n<li>8. Kako konzultanti mogu podr\u017eati naru\u010ditelje i ponuditelje u pripremi i provedbi postupaka javne nabave<\/li>\n<\/ul>\n<\/li>\n<\/ul>\n<p>&nbsp;<\/p>\n<p><strong>Na konferenciji sudjeluju predstavnici nadle\u017enih institucija, javnog sektora, trgova\u010dkih dru\u0161tava u javnom vlasni\u0161tvu, ponuditelja i stru\u010dnjaci iz prakse:<\/strong><\/p>\n<ul>\n<li style=\"list-style-type: none;\">\n<ul>\n<li style=\"list-style-type: none;\">\n<ul>\n<li data-start=\"3997\" data-end=\"4153\"><strong data-start=\"3997\" data-end=\"4014\">&#8211; g. Danijel Drli\u0107<\/strong>, ravnatelj Uprave za javnu nabavu u Ministarstvu gospodarstva<\/li>\n<li data-start=\"4305\" data-end=\"4449\"><strong data-start=\"4305\" data-end=\"4319\">&#8211; g\u0111a. Maja Kuhar<\/strong>, predsjednica Dr\u017eavne komisije za kontrolu postupaka javne nabave<\/li>\n<li><strong data-start=\"4451\" data-end=\"4472\">&#8211; g\u0111a. Robertina Zdjelar<\/strong>, Grad Koprivnica<\/li>\n<li data-start=\"4155\" data-end=\"4303\"><strong data-start=\"4155\" data-end=\"4173\">&#8211; g. An\u0111elko Rukelj<\/strong>, Public procurement solutions d.o.o.<\/li>\n<li data-start=\"4585\" data-end=\"4728\"><strong data-start=\"4585\" data-end=\"4603\">&#8211; g. Tihomir Hunjak<\/strong>, Fakultet organizacije i informatike<\/li>\n<li data-start=\"4730\" data-end=\"4854\"><strong data-start=\"4730\" data-end=\"4747\">&#8211; g. Marko Vukovi\u0107<\/strong>, izvr\u0161ni direktor korporativnih financija Jadrolinije<\/li>\n<li data-start=\"4856\" data-end=\"4979\"><strong data-start=\"4856\" data-end=\"4872\">&#8211; g. Roko Vuleti\u0107<\/strong>, predsjednik Uprave Iskra brodogradili\u0161te 1 d.o.o.<\/li>\n<li data-start=\"3997\" data-end=\"4153\"><strong>&#8211; g\u0111a<\/strong>. <strong>Ariana Vela<\/strong>, direktorica AVELANT d.o.o.<\/li>\n<li data-start=\"4981\" data-end=\"5129\"><strong data-start=\"4981\" data-end=\"5000\">&#8211; g. Hrvoje Kara\u017eija<\/strong>, direktor Odjela za javnu nabavu u AVELANT d.o.o.<\/li>\n<\/ul>\n<\/li>\n<\/ul>\n<\/li>\n<\/ul>\n<p>&nbsp;<\/p>\n<p style=\"text-align: justify;\">Konferencija je namijenjena svima koji \u017eele pravovremeno razumjeti smjer razvoja sustava javne nabave i pripremiti se za prakti\u010dne posljedice zakonskih izmjena.<\/p>\n<p style=\"text-align: justify;\">Nakon konferencije, u popodnevnom terminu i nakon neformalnog dru\u017eenja, organiziramo i\u00a0<strong>program usavr\u0161avanja iz podru\u010dja javne nabave na temu: &#8220;Javna nabava u praksi: zakonske izmjene i digitalni alati&#8221;<\/strong><\/p>\n<p style=\"text-align: justify;\">Sudjelovanjem u programu usavr\u0161avanja ostvarujete\u00a0<strong data-start=\"1864\" data-end=\"1912\">4 boda za obnovu certifikata iz javne nabave<\/strong>.<\/p>\n<p>Program konferencije mo\u017eete preuzeti putem <a href=\"https:\/\/www.eu-projekti.info\/eu\/wp-content\/uploads\/2026\/04\/Raspored_konferencije_Predstavljanje-izmjena-Zakona-o-javnoj-nabavi-1.pdf\">POVEZNICE<\/a>, a zbog ograni\u010denog broja mjesta, preporu\u010dujemo pravovremenu<strong data-start=\"2036\" data-end=\"2108\">\u00a0<a title=\"PRIJAVU&amp;nbsp;\" href=\"https:\/\/forms.gle\/SuWu857E1kTc3CnDA\" type=\"external\" target=\"_blank\" rel=\"noopener\">PRIJAVU\u00a0<\/a>kako biste osigurali sudjelovanje na konferenciji<\/strong>.<\/p>\n","protected":false},"excerpt":{"rendered":"<p>Razumijete li \u0161to izmjene Zakona o javnoj nabavi konkretno zna\u010de za va\u0161 svakodnevni rad? Niste sigurni kako \u0107e se nove odredbe odraziti na pripremu i provedbu postupaka, \u017ealbene rizike, dokumentaciju o nabavi ili odnos izme\u0111u naru\u010ditelja i ponuditelja? \u017delite na vrijeme prepoznati izazove koje donosi novi zakonodavni okvir i \u010duti kako ih tuma\u010de predstavnici institucija, [&hellip;]<\/p>\n","protected":false},"author":3,"featured_media":7660,"comment_status":"open","ping_status":"open","sticky":false,"template":"","format":"standard","meta":{"footnotes":""},"categories":[84],"tags":[],"class_list":["post-7819","post","type-post","status-publish","format-standard","has-post-thumbnail","hentry","category-vijesti"],"acf":[],"_links":{"self":[{"href":"https:\/\/www.eu-projekti.info\/eu\/wp-json\/wp\/v2\/posts\/7819","targetHints":{"allow":["GET"]}}],"collection":[{"href":"https:\/\/www.eu-projekti.info\/eu\/wp-json\/wp\/v2\/posts"}],"about":[{"href":"https:\/\/www.eu-projekti.info\/eu\/wp-json\/wp\/v2\/types\/post"}],"author":[{"embeddable":true,"href":"https:\/\/www.eu-projekti.info\/eu\/wp-json\/wp\/v2\/users\/3"}],"replies":[{"embeddable":true,"href":"https:\/\/www.eu-projekti.info\/eu\/wp-json\/wp\/v2\/comments?post=7819"}],"version-history":[{"count":26,"href":"https:\/\/www.eu-projekti.info\/eu\/wp-json\/wp\/v2\/posts\/7819\/revisions"}],"predecessor-version":[{"id":7854,"href":"https:\/\/www.eu-projekti.info\/eu\/wp-json\/wp\/v2\/posts\/7819\/revisions\/7854"}],"wp:featuredmedia":[{"embeddable":true,"href":"https:\/\/www.eu-projekti.info\/eu\/wp-json\/wp\/v2\/media\/7660"}],"wp:attachment":[{"href":"https:\/\/www.eu-projekti.info\/eu\/wp-json\/wp\/v2\/media?parent=7819"}],"wp:term":[{"taxonomy":"category","embeddable":true,"href":"https:\/\/www.eu-projekti.info\/eu\/wp-json\/wp\/v2\/categories?post=7819"},{"taxonomy":"post_tag","embeddable":true,"href":"https:\/\/www.eu-projekti.info\/eu\/wp-json\/wp\/v2\/tags?post=7819"}],"curies":[{"name":"wp","href":"https:\/\/api.w.org\/{rel}","templated":true}]}}