{"id":6329,"date":"2024-05-14T11:43:49","date_gmt":"2024-05-14T09:43:49","guid":{"rendered":"https:\/\/www.eu-projekti.info\/eu\/?p=6329"},"modified":"2024-05-14T15:09:07","modified_gmt":"2024-05-14T13:09:07","slug":"financiranje-jedinica-lokalne-samouprave-u-2024-godini","status":"publish","type":"post","link":"https:\/\/www.eu-projekti.info\/eu\/financiranje-jedinica-lokalne-samouprave-u-2024-godini\/","title":{"rendered":"FINANCIRANJE JEDINICA LOKALNE SAMOUPRAVE U 2024. GODINI"},"content":{"rendered":"<div>\n<div>\n<p><strong>JEDINICE LOKALNE SAMOUPRAVE: NOVE PRILIKE\u00a0ZA FINANCIRANJE U 2024. GODINI!<\/strong><\/p>\n<\/div>\n<div><strong>Udruga gradova u Republici Hrvatskoj<\/strong>\u00a0<strong>i<\/strong>\u00a0<strong>AVELANT d.o.o.<\/strong>\u00a0za poslovno i strate\u0161ko savjetovanje <strong>organiziraju\u00a0besplatan webinar na kojem \u0107ete saznati sve detalje o uvjetima i mogu\u0107nostima financiranje jedinica lokalne samouprave u 2024. godini!\u00a0<\/strong><\/div>\n<p>Pridru\u017eite nam se\u00a0\u00a0<strong>7. lipnja<\/strong><strong>\u00a02024. godine od 10:00 do 11:30 sati<\/strong>\u00a0putem Zoom platforme.<\/p>\n<\/div>\n<div>\n<div>\n<p>Na webinaru \u0107ete saznati:<\/p>\n<\/div>\n<ul>\n<li>Koje vrste financiranja\u00a0su vam\u00a0dostupne u\u00a02024. godini<\/li>\n<li>Kako mo\u017eete postati korisnici\u00a0financiranja<\/li>\n<li>Kako su na\u0161i klijenti uspje\u0161no do\u0161li do potpora<\/li>\n<li>Kako vas mo\u017eemo podr\u017eati u ovom procesu<\/li>\n<\/ul>\n<p>&nbsp;<\/p>\n<p>Po zavr\u0161etku webinara, zaprimit \u0107ete upitnik za provjeru prihvatljivosti vas kao prijavitelja te va\u0161eg projekta. Stru\u010dnjaci za financiranje jedinica lokalne samouprave iz AVELANT d.o.o izvr\u0161it \u0107e provjeru prihvatljivosti va\u0161eg ulaganja te vam se povratno javiti u najkra\u0107em mogu\u0107em roku s daljnjim uputama.<\/p>\n<\/div>\n<div>\n<p style=\"text-align: justify;\">Ukoliko \u017eelite sudjelovati u webinaru, prijavite se putem ove <a href=\"https:\/\/forms.gle\/FMTCVPGYRBsVU5Hp6\" target=\"_blank\" rel=\"noopener\" data-cke-saved-href=\"https:\/\/forms.gle\/FMTCVPGYRBsVU5Hp6\" data-cke-saved->poveznice!<\/a><\/p>\n<p style=\"text-align: justify;\"><strong>PREDAVA\u010cI\/CE:<\/strong><\/p>\n<p style=\"text-align: justify;\"><strong>Ariana Vela, MBA, IPMA\/A<\/strong><\/p>\n<p>AVELANT d.o.o. \/ U\u010dili\u0161te EU PROJEKTI<\/p>\n<p style=\"text-align: justify;\">Jedna je od najpriznatijih stru\u010dnjakinja za fondove EU-a i javnu nabavu u Hrvatskoj i regiji, s vi\u0161e od 20 godina iskustva. Sudjelovala je u pripremi i provedbi\u00a0 vi\u0161e\u00a0 od\u00a0 500 projekata financiranih bespovratnim sredstvima EU (portfelj 6+ milijardi eura), od kojih je najve\u0107i projekt tzv. \u201ePelje\u0161ki most\u201c, odnosno \u201ecestovna povezanost s ju\u017enom Dalmacijom\u201c. Osmislila je i pokrenula prvi hrvatski portal o fondovima EU (EU-projekti.info) te\u00a0 napisala\u00a0 prvu\u00a0 knjigu\u00a0 o\u00a0 pripremi\u00a0 i\u00a0 provedbi projekata pod nazivom \u201eMenad\u017ement ESI fondova\u201c. Vanjska je stru\u010dnjakinja najpoznatije konzultantske kompanije na svijetu \u2013 Mckinsey and company, kao i predava\u010dica na brojnim visokim U\u010dili\u0161tima. Posjeduje MBA iz podru\u010dja menad\u017ementa. Posjeduje IPMA\/ A certifikat za Consulting &amp; Coaching. Certificirana je trenerica javne nabave, a trenuta\u010dno poha\u0111a doktorski studij\u00a0 iz poslovne\u00a0 ekonomije\u00a0 na\u00a0 Ekonomskom fakultetu u Rijeci. Na U\u010dili\u0161tu EU Projekti obna\u0161a funkciju ravnateljice te funkciju\u00a0 predava\u010dice. U poduze\u0107u Avelant d.o.o. kao CEO zadu\u017eena je za cjelokupno upravljanje dru\u0161tvom i portfeljem, ja\u010danje kapaciteta cijelog konzultantskog tima, uvo\u0111enja inovacija u rad i poslovanje te vo\u0111enje velikih projekata (tzv. <em>Major projects<\/em>).<\/p>\n<p style=\"text-align: justify;\"><strong>Hrvoje Kara\u017eija, dipl.iur.<\/strong><\/p>\n<p>AVELANT d.o.o. \/ U\u010dili\u0161te EU PROJEKTI<\/p>\n<p style=\"text-align: justify;\">Magistar prava s gotovo 10 godina radnog iskustva u pripremi i provedbi projekata i javnoj nabavi. Kroz karijeru je sudjelovao u pripremi i provedbi EU projekata u ukupnoj vrijednosti ve\u0107oj od 50 milijuna eura. Nositelj je certifikata javne nabave izdanog od strane Ministarstva gospodarstva i odr\u017eivog razvoja te je od 2021. godine trener za javnu nabavu. Specijalizirao se za pripremu i provedbu postupaka javne nabave prema ZJN 2016, prema NOJN, kao i za javne nabave koje se provode u sklopu EU financiranih projekata.<\/p>\n<p style=\"text-align: justify;\"><strong>Patricija Pepelnik, mag.oec.<\/strong><\/p>\n<p>AVELANT d.o.o. \/ U\u010dili\u0161te EU PROJEKTI<\/p>\n<p style=\"text-align: justify;\">Magistra ekonomije s vi\u0161e od 6 godina radnog iskustva u pripremi i provedbi projekata, za dionike iz javnog i privatnog sektora. Specijalizirala se za pripremu i provedbu projekata financiranih iz EU fondova te se i dalje nastavlja redovno usavr\u0161avati i educirati u podru\u010dju projektnog menad\u017ementa. Kroz karijeru je sudjelovala u pripremi i provedbi EU projekata u ukupnoj vrijednosti ve\u0107oj od 25 milijuna eura. Nositelj je certifikata javne nabave izdanog od strane Ministarstva gospodarstva i odr\u017eivog razvoja.<\/p>\n<p style=\"text-align: justify;\"><strong>5 razloga zbog kojih je dobro sura\u0111ivati s nama:<\/strong><\/p>\n<p>1. Vr\u0161imo detaljne analize i provjere kojima osiguravamo temelj za dono\u0161enje odluke klijenta o prijavi na Pozive I dostupne programe potpora. Klijent razumije kolike su \u0161anse za uspjeh.<\/p>\n<p>2. Spadamo me\u0111u najuspje\u0161nije konzultante za EU fondove, potpore i javnu nabavu u zemlji i regiji s iskustvom pripreme i provedbe najve\u0107ih projekata u dr\u017eavi.<\/p>\n<p>3. Proaktivni smo u pripremi i provedbi va\u0161ih projekata; vodimo klijenta, sura\u0111ujemo te pratimo projektante, izvo\u0111a\u010de, dobavlja\u010de i nadzor te pru\u017eamo cjelovitu uslugu upravljanja projektom.<\/p>\n<p>4. Smanjujemo optere\u0107enje klijenta (ne tro\u0161imo mu vrijeme) i efikasno upravljamo svim procesima.<\/p>\n<p>5. Razumijemo svaki aspekt pripreme i provedbe projekta; od financijskog, EU-fondovskog, gra\u0111evinskog do ra\u010dunovodstvenog i ostalih.<\/p>\n<\/div>\n","protected":false},"excerpt":{"rendered":"<p>JEDINICE LOKALNE SAMOUPRAVE: NOVE PRILIKE\u00a0ZA FINANCIRANJE U 2024. GODINI! Udruga gradova u Republici Hrvatskoj\u00a0i\u00a0AVELANT d.o.o.\u00a0za poslovno i strate\u0161ko savjetovanje organiziraju\u00a0besplatan webinar na kojem \u0107ete saznati sve detalje o uvjetima i mogu\u0107nostima financiranje jedinica lokalne samouprave u 2024. godini!\u00a0 Pridru\u017eite nam se\u00a0\u00a07. lipnja\u00a02024. godine od 10:00 do 11:30 sati\u00a0putem Zoom platforme. Na webinaru \u0107ete saznati: Koje [&hellip;]<\/p>\n","protected":false},"author":3,"featured_media":6141,"comment_status":"open","ping_status":"open","sticky":false,"template":"","format":"standard","meta":{"footnotes":""},"categories":[84],"tags":[],"class_list":["post-6329","post","type-post","status-publish","format-standard","has-post-thumbnail","hentry","category-vijesti"],"acf":[],"_links":{"self":[{"href":"https:\/\/www.eu-projekti.info\/eu\/wp-json\/wp\/v2\/posts\/6329","targetHints":{"allow":["GET"]}}],"collection":[{"href":"https:\/\/www.eu-projekti.info\/eu\/wp-json\/wp\/v2\/posts"}],"about":[{"href":"https:\/\/www.eu-projekti.info\/eu\/wp-json\/wp\/v2\/types\/post"}],"author":[{"embeddable":true,"href":"https:\/\/www.eu-projekti.info\/eu\/wp-json\/wp\/v2\/users\/3"}],"replies":[{"embeddable":true,"href":"https:\/\/www.eu-projekti.info\/eu\/wp-json\/wp\/v2\/comments?post=6329"}],"version-history":[{"count":3,"href":"https:\/\/www.eu-projekti.info\/eu\/wp-json\/wp\/v2\/posts\/6329\/revisions"}],"predecessor-version":[{"id":6333,"href":"https:\/\/www.eu-projekti.info\/eu\/wp-json\/wp\/v2\/posts\/6329\/revisions\/6333"}],"wp:featuredmedia":[{"embeddable":true,"href":"https:\/\/www.eu-projekti.info\/eu\/wp-json\/wp\/v2\/media\/6141"}],"wp:attachment":[{"href":"https:\/\/www.eu-projekti.info\/eu\/wp-json\/wp\/v2\/media?parent=6329"}],"wp:term":[{"taxonomy":"category","embeddable":true,"href":"https:\/\/www.eu-projekti.info\/eu\/wp-json\/wp\/v2\/categories?post=6329"},{"taxonomy":"post_tag","embeddable":true,"href":"https:\/\/www.eu-projekti.info\/eu\/wp-json\/wp\/v2\/tags?post=6329"}],"curies":[{"name":"wp","href":"https:\/\/api.w.org\/{rel}","templated":true}]}}